{"id":3062,"date":"2020-09-03T11:10:56","date_gmt":"2020-09-03T14:10:56","guid":{"rendered":"https:\/\/dietpro.com.br\/site\/?p=3062"},"modified":"2020-09-03T17:34:48","modified_gmt":"2020-09-03T20:34:48","slug":"educacao-nutricional-como-realizar-acoes-de-incentivo-em-criancas-e-adolescentes","status":"publish","type":"post","link":"https:\/\/dietpro.com.br\/site\/educacao-nutricional-como-realizar-acoes-de-incentivo-em-criancas-e-adolescentes\/","title":{"rendered":"Educa\u00e7\u00e3o nutricional: como realizar a\u00e7\u00f5es de incentivo em crian\u00e7as e adolescentes"},"content":{"rendered":"\n<div class=\"wp-block-image\"><figure class=\"aligncenter size-large\"><img loading=\"lazy\" width=\"640\" height=\"442\" src=\"https:\/\/dietpro.com.br\/site\/wp-content\/uploads\/2020\/09\/educacao-nutricional.jpg\" alt=\"\" class=\"wp-image-3063\" srcset=\"https:\/\/dietpro.com.br\/site\/wp-content\/uploads\/2020\/09\/educacao-nutricional.jpg 640w, https:\/\/dietpro.com.br\/site\/wp-content\/uploads\/2020\/09\/educacao-nutricional-300x207.jpg 300w, https:\/\/dietpro.com.br\/site\/wp-content\/uploads\/2020\/09\/educacao-nutricional-400x276.jpg 400w, https:\/\/dietpro.com.br\/site\/wp-content\/uploads\/2020\/09\/educacao-nutricional-430x297.jpg 430w, https:\/\/dietpro.com.br\/site\/wp-content\/uploads\/2020\/09\/educacao-nutricional-150x104.jpg 150w, https:\/\/dietpro.com.br\/site\/wp-content\/uploads\/2020\/09\/educacao-nutricional-100x69.jpg 100w\" sizes=\"(max-width: 640px) 100vw, 640px\" \/><\/figure><\/div>\n\n\n\n<p>A educa\u00e7\u00e3o nutricional \u00e9 considerada uma&nbsp;essencial&nbsp;estrat\u00e9gia de sa\u00fade p\u00fablica, tendo como principal prop\u00f3sito a a\u00e7\u00e3o de conscientiza\u00e7\u00e3o da import\u00e2ncia da alimenta\u00e7\u00e3o saud\u00e1vel como parte integrante do conjunto de a\u00e7\u00f5es que est\u00e3o ligadas a qualidade de vida. \u00c9 tida tamb\u00e9m como plano fundamental&nbsp; de seguran\u00e7a alimentar e nutricional.<\/p>\n\n\n\n<p>O processo de educa\u00e7\u00e3o nutricional \u00e9 considerado uma das etapas mais \u00e1rduas do atendimento nutricional. E quando deve ser realizado em crian\u00e7as e adolescentes o n\u00edvel de dificuldade se torna ainda mais evidente.<br><br>Nestas fases da vida a educa\u00e7\u00e3o alimentar deve ser inserida o mais cedo poss\u00edvel, pois assim as chances de ades\u00e3o e resultados satisfat\u00f3rios poder\u00e3o ser maiores.<br><br>Pr\u00e1ticas pedag\u00f3gicas, atividades l\u00fadicas aliadas ao conhecimento nutricional s\u00e3o a\u00e7\u00f5es importantes durante a estimula\u00e7\u00e3o e promo\u00e7\u00e3o de h\u00e1bitos alimentares saud\u00e1veis na inf\u00e2ncia e adolesc\u00eancia.<br><br>E foi pensando neste objetivo que desenvolvemos o novo curso de<strong>\u00a0<a href=\"http:\/\/assistemas.com.br\/loja\/educacao-nutricional-da-infancia-e-adolescencia.html\">Educa\u00e7\u00e3o Nutricional na inf\u00e2ncia e Adolesc\u00eancia<\/a><\/strong>. No\u00e7\u00f5es de higiene alimentar e pessoal, conhecimentos sobre os nutrientes, processo de mastiga\u00e7\u00e3o, hidrata\u00e7\u00e3o, atividades pedag\u00f3gicas de incetivo a alimenta\u00e7\u00e3o saud\u00e1vel s\u00e3o alguns dos principais assuntos abordados neste novo tema.<br><br>Voc\u00ea profissional envolvido no contexto da educa\u00e7\u00e3o e merenda escolar n\u00e3o perca est\u00e1 oportunidade de refor\u00e7ar os seus conhecimentos te\u00f3ricos e pr\u00e1ticos sobre este assunto.<br><br><a href=\"http:\/\/aulasadistancia.com.br\/course\/category.php?id=1\"><strong>Venha estudar conosco!<\/strong><\/a><\/p>\n","protected":false},"excerpt":{"rendered":"<p>A educa\u00e7\u00e3o nutricional \u00e9 considerada uma&nbsp;essencial&nbsp;estrat\u00e9gia de sa\u00fade p\u00fablica, tendo como principal prop\u00f3sito a a\u00e7\u00e3o de conscientiza\u00e7\u00e3o da import\u00e2ncia da [&hellip;]<\/p>\n","protected":false},"author":3,"featured_media":3063,"comment_status":"closed","ping_status":"open","sticky":false,"template":"","format":"standard","meta":[],"categories":[1],"tags":[],"post_folder":[],"_links":{"self":[{"href":"https:\/\/dietpro.com.br\/site\/wp-json\/wp\/v2\/posts\/3062"}],"collection":[{"href":"https:\/\/dietpro.com.br\/site\/wp-json\/wp\/v2\/posts"}],"about":[{"href":"https:\/\/dietpro.com.br\/site\/wp-json\/wp\/v2\/types\/post"}],"author":[{"embeddable":true,"href":"https:\/\/dietpro.com.br\/site\/wp-json\/wp\/v2\/users\/3"}],"replies":[{"embeddable":true,"href":"https:\/\/dietpro.com.br\/site\/wp-json\/wp\/v2\/comments?post=3062"}],"version-history":[{"count":0,"href":"https:\/\/dietpro.com.br\/site\/wp-json\/wp\/v2\/posts\/3062\/revisions"}],"wp:featuredmedia":[{"embeddable":true,"href":"https:\/\/dietpro.com.br\/site\/wp-json\/wp\/v2\/media\/3063"}],"wp:attachment":[{"href":"https:\/\/dietpro.com.br\/site\/wp-json\/wp\/v2\/media?parent=3062"}],"wp:term":[{"taxonomy":"category","embeddable":true,"href":"https:\/\/dietpro.com.br\/site\/wp-json\/wp\/v2\/categories?post=3062"},{"taxonomy":"post_tag","embeddable":true,"href":"https:\/\/dietpro.com.br\/site\/wp-json\/wp\/v2\/tags?post=3062"},{"taxonomy":"post_folder","embeddable":true,"href":"https:\/\/dietpro.com.br\/site\/wp-json\/wp\/v2\/post_folder?post=3062"}],"curies":[{"name":"wp","href":"https:\/\/api.w.org\/{rel}","templated":true}]}}